{"id":3227,"date":"2022-06-04T23:32:20","date_gmt":"2022-06-04T23:32:20","guid":{"rendered":"https:\/\/isabellaseijo.com\/?p=3227"},"modified":"2022-06-04T23:34:14","modified_gmt":"2022-06-04T23:34:14","slug":"news-las-espinelas-rojas-que-fueron-pulidas-por-los-espiritus","status":"publish","type":"post","link":"https:\/\/isabellaseijo.com\/index.php\/2022\/06\/04\/news-las-espinelas-rojas-que-fueron-pulidas-por-los-espiritus\/","title":{"rendered":"#News: Las Espinelas rojas que fueron pulidas por los esp\u00edritus."},"content":{"rendered":"\t\t<div data-elementor-type=\"wp-post\" data-elementor-id=\"3227\" class=\"elementor elementor-3227\" data-elementor-post-type=\"post\">\n\t\t\t\t\t\t<section class=\"elementor-section elementor-top-section elementor-element elementor-element-3ed8a08e elementor-section-boxed elementor-section-height-default elementor-section-height-default\" data-id=\"3ed8a08e\" data-element_type=\"section\" data-e-type=\"section\">\n\t\t\t\t\t\t<div class=\"elementor-container elementor-column-gap-default\">\n\t\t\t\t\t<div class=\"elementor-column elementor-col-100 elementor-top-column elementor-element elementor-element-24ac8c48\" data-id=\"24ac8c48\" data-element_type=\"column\" data-e-type=\"column\">\n\t\t\t<div class=\"elementor-widget-wrap elementor-element-populated\">\n\t\t\t\t\t\t<div class=\"elementor-element elementor-element-2851322d elementor-widget elementor-widget-text-editor\" data-id=\"2851322d\" data-element_type=\"widget\" data-e-type=\"widget\" data-widget_type=\"text-editor.default\">\n\t\t\t\t<div class=\"elementor-widget-container\">\n\t\t\t\t\t\t\t\t\t\n<p><img decoding=\"async\" height=\"16\" width=\"16\" src=\"https:\/\/static.xx.fbcdn.net\/images\/emoji.php\/v9\/tcd\/1\/16\/25ab.png\" alt=\"\u25ab\ufe0f\">La Espinela proviene de la palabra latina spinella, que significa espina en referencia a sus cristales puntiagudos ya que su sistema cristalino es c\u00fabico. Su h\u00e1bito c\u00fabico u octa\u00e9drico tambi\u00e9n est\u00e1 asociado con el origen del nombre del mineral, del lat\u00edn spina.<\/p>\n\n\n\n<p><img decoding=\"async\" height=\"16\" width=\"16\" alt=\"\u25ab\ufe0f\" src=\"https:\/\/static.xx.fbcdn.net\/images\/emoji.php\/v9\/tcd\/1\/16\/25ab.png\">Algunas espinelas muestran unos octaedros tan perfectos, que en Birmania se dice que estas espinelas han sido pulidas por los esp\u00edritus, ya que son evidencia de una perfecta estructura.<\/p>\n\n\n\n<p><img decoding=\"async\" height=\"16\" width=\"16\" src=\"https:\/\/static.xx.fbcdn.net\/images\/emoji.php\/v9\/tcd\/1\/16\/25ab.png\" alt=\"\u25ab\ufe0f\">Con anterioridad al siglo XVIII, antes de la llegada de la ciencia moderna, las espinelas y los rub\u00edes se conoc\u00edan igualmente como rub\u00edes. Las espinelas rojas transparentes se llamaban rub\u00edes espinela, rub\u00edes balas o \u00abballais.<\/p>\n\n\n\n<p>\u00abRubi-espinelas\u00bb, eran las llamadas espinelas de Myanmar, la ex Birmania o Pegu, las cuales son hist\u00f3ricamente relevantes. Fueron descritas as\u00ed por los viajeros portugueses del siglo XVI.<\/p>\n\n\n\n<p>\u00abRub\u00edes Balas\u00bb se deriva de Balascia, el antiguo nombre de Badakhshan, una regi\u00f3n de Asia central. Las minas en la regi\u00f3n de Gorno Badakhshan de Tayikist\u00e1n constituyeron durante siglos la principal fuente de espinelas rojas y rosadas. Entre ellas los famosos Hope Spinel, Timur Ruby y Black Prince Ruby.<\/p>\n\n\n\n<p>Vietnam y Tanzania tambi\u00e9n son conocidos hoy en d\u00eda por producir Espinelas de color rosa a rojo.<\/p>\n\n\n\n<p><img decoding=\"async\" height=\"16\" width=\"16\" alt=\"\u25ab\ufe0f\" src=\"https:\/\/static.xx.fbcdn.net\/images\/emoji.php\/v9\/tcd\/1\/16\/25ab.png\">La Espinela viene en una variedad de colores, pero los m\u00e1s importantes comercialmente son el rojo y el rosa, seguida de la fina espinela azul cobalto, luego de las piedras de color rosa intenso y naranja intenso.<\/p>\n\n\n\n<p>Las espinelas de color malva o lila tambi\u00e9n son atractivas, y algunos colores de espinelas azules intensos tambi\u00e9n son muy interesantes.<\/p>\n\n\n\n<p><img decoding=\"async\" height=\"16\" width=\"16\" src=\"https:\/\/static.xx.fbcdn.net\/images\/emoji.php\/v9\/tcd\/1\/16\/25ab.png\" alt=\"\u25ab\ufe0f\">La Espinela puede tener algunas inclusiones muy hermosas que reflejan el crecimiento de cristales octa\u00e9dricos habitual de la gema. Algunos aparecen en grupos que se asemejan a huellas dactilares humanas.<\/p>\n\n\n\n<p>.<\/p>\n\n\n\n<p>.<\/p>\n\n\n\n<p><a href=\"https:\/\/www.facebook.com\/hashtag\/news?__eep__=6&amp;__cft__[0]=AZX77z4dNDkXRkVxbhG1koTSsGsY0W_x2T6ff2id0tfpzagRD4lfR4-bqXa48WNiQX_2lcyFVNQ2vJ0Q6PmEbi41shGeenkOZmWm4fnNAMR1xdBeuVH3tYwJj6OPASwHyMIt21bEYlCMPRu3PtiCjaBDgUldAmlTxi12QbayPcBdMX5hLV--ikTxnPlR0vfoc-3d_mWU9WuuEbF1qIl-gxTZ&amp;__tn__=*NK-R\">#News<\/a>:  The Red Spinels that were polished by the spirits.<\/p>\n\n\n\n<p><img decoding=\"async\" height=\"16\" width=\"16\" alt=\"\u25ab\ufe0f\" src=\"https:\/\/static.xx.fbcdn.net\/images\/emoji.php\/v9\/tcd\/1\/16\/25ab.png\">The Spinel comes from the Latin word spinella, which means thorn in reference to its pointed crystals since its crystalline system is cubic.<\/p>\n\n\n\n<p>Its cubic or octahedral habit is also associated with the origin of the mineral&#8217;s name, from the Latin spina.<\/p>\n\n\n\n<p><img decoding=\"async\" height=\"16\" width=\"16\" alt=\"\u25ab\ufe0f\" src=\"https:\/\/static.xx.fbcdn.net\/images\/emoji.php\/v9\/tcd\/1\/16\/25ab.png\">Some spinels show such perfect octahedrons, that in Burma these spinels are said to have been polished by spirits, as they are evidence of perfect structure.<\/p>\n\n\n\n<p><img decoding=\"async\" height=\"16\" width=\"16\" alt=\"\u25ab\ufe0f\" src=\"https:\/\/static.xx.fbcdn.net\/images\/emoji.php\/v9\/tcd\/1\/16\/25ab.png\">Before the 18th century, previous to the advent of modern science, spinels and rubies were also known as rubies.<\/p>\n\n\n\n<p>The transparent red spinels were called \u201cspinels-rubies\u201d, \u201cbalas rubies\u201d, or \u00abballais\u201d.<\/p>\n\n\n\n<p>\u00abSpinels-Rubies\u00bb were the so-called spinels of Myanmar, the former Burma or Pegu, which are historically relevant. They were described like this by Portuguese travelers in the 16th century.<\/p>\n\n\n\n<p>\u00abBalas Rubies\u00bb is derived from Balascia, the old name for Badakhshan, a region of central Asia. Mines in the Gorno Badakhshan region of Tajikistan have been the main source of red and pink spinels for centuries. Among them the famous Hope Spinel, Timur Ruby and Black Prince Ruby.<\/p>\n\n\n\n<p>Vietnam and Tanzania are also known today for producing pink to red spinels.<\/p>\n\n\n\n<p><img decoding=\"async\" height=\"16\" width=\"16\" src=\"https:\/\/static.xx.fbcdn.net\/images\/emoji.php\/v9\/tcd\/1\/16\/25ab.png\" alt=\"\u25ab\ufe0f\">Spinels comes in a variety of colors, but the most important commercially are red and pink, followed by fine cobalt blue spinel, then deep pink and deep orange stones. Mauve or lilac spinels are also attractive, and some deep blue spinel colors are also very interesting.<\/p>\n\n\n\n<p><img decoding=\"async\" height=\"16\" width=\"16\" alt=\"\u25ab\ufe0f\" src=\"https:\/\/static.xx.fbcdn.net\/images\/emoji.php\/v9\/tcd\/1\/16\/25ab.png\">The Spinel can have some very beautiful inclusions that reflect the gem&#8217;s usual octahedral crystal growth. Some appear in groups that resemble human fingerprints.<\/p>\n\t\t\t\t\t\t\t\t<\/div>\n\t\t\t\t<\/div>\n\t\t\t\t\t<\/div>\n\t\t<\/div>\n\t\t\t\t\t<\/div>\n\t\t<\/section>\n\t\t\t\t<section class=\"elementor-section elementor-top-section elementor-element elementor-element-d4bc04e elementor-section-boxed elementor-section-height-default elementor-section-height-default\" data-id=\"d4bc04e\" data-element_type=\"section\" data-e-type=\"section\">\n\t\t\t\t\t\t<div class=\"elementor-container elementor-column-gap-default\">\n\t\t\t\t\t<div class=\"elementor-column elementor-col-33 elementor-top-column elementor-element elementor-element-c4cc7d1\" data-id=\"c4cc7d1\" data-element_type=\"column\" data-e-type=\"column\">\n\t\t\t<div class=\"elementor-widget-wrap elementor-element-populated\">\n\t\t\t\t\t\t<div class=\"elementor-element elementor-element-f136fa8 elementor-widget elementor-widget-image\" data-id=\"f136fa8\" data-element_type=\"widget\" data-e-type=\"widget\" data-widget_type=\"image.default\">\n\t\t\t\t<div class=\"elementor-widget-container\">\n\t\t\t\t\t\t\t\t\t\t\t\t\t\t\t<img fetchpriority=\"high\" decoding=\"async\" width=\"600\" height=\"338\" src=\"https:\/\/isabellaseijo.com\/wp-content\/uploads\/2022\/06\/217764988_539643304130515_2903649759813510_n.jpg\" class=\"attachment-large size-large wp-image-3228\" alt=\"\" srcset=\"https:\/\/isabellaseijo.com\/wp-content\/uploads\/2022\/06\/217764988_539643304130515_2903649759813510_n.jpg 600w, https:\/\/isabellaseijo.com\/wp-content\/uploads\/2022\/06\/217764988_539643304130515_2903649759813510_n-300x169.jpg 300w\" sizes=\"(max-width: 600px) 100vw, 600px\" \/>\t\t\t\t\t\t\t\t\t\t\t\t\t\t\t<\/div>\n\t\t\t\t<\/div>\n\t\t\t\t\t<\/div>\n\t\t<\/div>\n\t\t\t\t<div class=\"elementor-column elementor-col-33 elementor-top-column elementor-element elementor-element-b6e2bd4\" data-id=\"b6e2bd4\" data-element_type=\"column\" data-e-type=\"column\">\n\t\t\t<div class=\"elementor-widget-wrap elementor-element-populated\">\n\t\t\t\t\t\t<div class=\"elementor-element elementor-element-b6d5fe6 elementor-widget elementor-widget-image\" data-id=\"b6d5fe6\" data-element_type=\"widget\" data-e-type=\"widget\" data-widget_type=\"image.default\">\n\t\t\t\t<div class=\"elementor-widget-container\">\n\t\t\t\t\t\t\t\t\t\t\t\t\t\t\t<img loading=\"lazy\" decoding=\"async\" width=\"600\" height=\"338\" src=\"https:\/\/isabellaseijo.com\/wp-content\/uploads\/2022\/06\/218259745_539643280797184_1844649095729247555_n.jpg\" class=\"attachment-large size-large wp-image-3231\" alt=\"\" srcset=\"https:\/\/isabellaseijo.com\/wp-content\/uploads\/2022\/06\/218259745_539643280797184_1844649095729247555_n.jpg 600w, https:\/\/isabellaseijo.com\/wp-content\/uploads\/2022\/06\/218259745_539643280797184_1844649095729247555_n-300x169.jpg 300w\" sizes=\"(max-width: 600px) 100vw, 600px\" \/>\t\t\t\t\t\t\t\t\t\t\t\t\t\t\t<\/div>\n\t\t\t\t<\/div>\n\t\t\t\t\t<\/div>\n\t\t<\/div>\n\t\t\t\t<div class=\"elementor-column elementor-col-33 elementor-top-column elementor-element elementor-element-5c55845\" data-id=\"5c55845\" data-element_type=\"column\" data-e-type=\"column\">\n\t\t\t<div class=\"elementor-widget-wrap elementor-element-populated\">\n\t\t\t\t\t\t<div class=\"elementor-element elementor-element-f3cba1f elementor-widget elementor-widget-image\" data-id=\"f3cba1f\" data-element_type=\"widget\" data-e-type=\"widget\" data-widget_type=\"image.default\">\n\t\t\t\t<div class=\"elementor-widget-container\">\n\t\t\t\t\t\t\t\t\t\t\t\t\t\t\t<img loading=\"lazy\" decoding=\"async\" width=\"450\" height=\"450\" src=\"https:\/\/isabellaseijo.com\/wp-content\/uploads\/2022\/06\/218015758_539643287463850_6430204528421079724_n.jpg\" class=\"attachment-large size-large wp-image-3229\" alt=\"\" srcset=\"https:\/\/isabellaseijo.com\/wp-content\/uploads\/2022\/06\/218015758_539643287463850_6430204528421079724_n.jpg 450w, https:\/\/isabellaseijo.com\/wp-content\/uploads\/2022\/06\/218015758_539643287463850_6430204528421079724_n-300x300.jpg 300w, https:\/\/isabellaseijo.com\/wp-content\/uploads\/2022\/06\/218015758_539643287463850_6430204528421079724_n-100x100.jpg 100w, https:\/\/isabellaseijo.com\/wp-content\/uploads\/2022\/06\/218015758_539643287463850_6430204528421079724_n-150x150.jpg 150w\" sizes=\"(max-width: 450px) 100vw, 450px\" \/>\t\t\t\t\t\t\t\t\t\t\t\t\t\t\t<\/div>\n\t\t\t\t<\/div>\n\t\t\t\t\t<\/div>\n\t\t<\/div>\n\t\t\t\t\t<\/div>\n\t\t<\/section>\n\t\t\t\t<\/div>\n\t\t","protected":false},"excerpt":{"rendered":"<p>La Espinela proviene de la palabra latina spinella, que significa espina en referencia a sus cristales puntiagudos ya que su sistema cristalino es c\u00fabico. Su h\u00e1bito c\u00fabico u octa\u00e9drico tambi\u00e9n est\u00e1 asociado con el origen del nombre del mineral, del lat\u00edn spina. Algunas espinelas muestran unos octaedros tan perfectos, que en Birmania se dice que [&hellip;]<\/p>\n","protected":false},"author":1,"featured_media":3230,"comment_status":"closed","ping_status":"","sticky":false,"template":"","format":"chat","meta":{"_monsterinsights_skip_tracking":false,"_monsterinsights_sitenote_active":false,"_monsterinsights_sitenote_note":"","_monsterinsights_sitenote_category":0,"site-sidebar-layout":"default","site-content-layout":"","ast-site-content-layout":"default","site-content-style":"default","site-sidebar-style":"default","ast-global-header-display":"","ast-banner-title-visibility":"","ast-main-header-display":"","ast-hfb-above-header-display":"","ast-hfb-below-header-display":"","ast-hfb-mobile-header-display":"","site-post-title":"","ast-breadcrumbs-content":"","ast-featured-img":"","footer-sml-layout":"","ast-disable-related-posts":"","theme-transparent-header-meta":"","adv-header-id-meta":"","stick-header-meta":"","header-above-stick-meta":"","header-main-stick-meta":"","header-below-stick-meta":"","astra-migrate-meta-layouts":"default","ast-page-background-enabled":"default","ast-page-background-meta":{"desktop":{"background-color":"var(--ast-global-color-4)","background-image":"","background-repeat":"repeat","background-position":"center center","background-size":"auto","background-attachment":"scroll","background-type":"","background-media":"","overlay-type":"","overlay-color":"","overlay-opacity":"","overlay-gradient":""},"tablet":{"background-color":"","background-image":"","background-repeat":"repeat","background-position":"center center","background-size":"auto","background-attachment":"scroll","background-type":"","background-media":"","overlay-type":"","overlay-color":"","overlay-opacity":"","overlay-gradient":""},"mobile":{"background-color":"","background-image":"","background-repeat":"repeat","background-position":"center center","background-size":"auto","background-attachment":"scroll","background-type":"","background-media":"","overlay-type":"","overlay-color":"","overlay-opacity":"","overlay-gradient":""}},"ast-content-background-meta":{"desktop":{"background-color":"var(--ast-global-color-5)","background-image":"","background-repeat":"repeat","background-position":"center center","background-size":"auto","background-attachment":"scroll","background-type":"","background-media":"","overlay-type":"","overlay-color":"","overlay-opacity":"","overlay-gradient":""},"tablet":{"background-color":"var(--ast-global-color-5)","background-image":"","background-repeat":"repeat","background-position":"center center","background-size":"auto","background-attachment":"scroll","background-type":"","background-media":"","overlay-type":"","overlay-color":"","overlay-opacity":"","overlay-gradient":""},"mobile":{"background-color":"var(--ast-global-color-5)","background-image":"","background-repeat":"repeat","background-position":"center center","background-size":"auto","background-attachment":"scroll","background-type":"","background-media":"","overlay-type":"","overlay-color":"","overlay-opacity":"","overlay-gradient":""}},"footnotes":""},"categories":[3],"tags":[],"class_list":["post-3227","post","type-post","status-publish","format-chat","has-post-thumbnail","hentry","category-blog","post_format-post-format-chat"],"yoast_head":"<!-- This site is optimized with the Yoast SEO plugin v27.0 - https:\/\/yoast.com\/product\/yoast-seo-wordpress\/ -->\n<title>#News: Las Espinelas rojas que fueron pulidas por los esp\u00edritus. -<\/title>\n<meta name=\"robots\" content=\"index, follow, max-snippet:-1, max-image-preview:large, max-video-preview:-1\" \/>\n<link rel=\"canonical\" href=\"https:\/\/isabellaseijo.com\/index.php\/2022\/06\/04\/news-las-espinelas-rojas-que-fueron-pulidas-por-los-espiritus\/\" \/>\n<meta property=\"og:locale\" content=\"es_ES\" \/>\n<meta property=\"og:type\" content=\"article\" \/>\n<meta property=\"og:title\" content=\"#News: Las Espinelas rojas que fueron pulidas por los esp\u00edritus. -\" \/>\n<meta property=\"og:description\" content=\"La Espinela proviene de la palabra latina spinella, que significa espina en referencia a sus cristales puntiagudos ya que su sistema cristalino es c\u00fabico. Su h\u00e1bito c\u00fabico u octa\u00e9drico tambi\u00e9n est\u00e1 asociado con el origen del nombre del mineral, del lat\u00edn spina. Algunas espinelas muestran unos octaedros tan perfectos, que en Birmania se dice que [&hellip;]\" \/>\n<meta property=\"og:url\" content=\"https:\/\/isabellaseijo.com\/index.php\/2022\/06\/04\/news-las-espinelas-rojas-que-fueron-pulidas-por-los-espiritus\/\" \/>\n<meta property=\"article:published_time\" content=\"2022-06-04T23:32:20+00:00\" \/>\n<meta property=\"article:modified_time\" content=\"2022-06-04T23:34:14+00:00\" \/>\n<meta property=\"og:image\" content=\"https:\/\/isabellaseijo.com\/wp-content\/uploads\/2022\/06\/218219725_539643314130514_3213875215467699018_n.jpg\" \/>\n\t<meta property=\"og:image:width\" content=\"520\" \/>\n\t<meta property=\"og:image:height\" content=\"600\" \/>\n\t<meta property=\"og:image:type\" content=\"image\/jpeg\" \/>\n<meta name=\"author\" content=\"admin\" \/>\n<meta name=\"twitter:card\" content=\"summary_large_image\" \/>\n<meta name=\"twitter:label1\" content=\"Escrito por\" \/>\n\t<meta name=\"twitter:data1\" content=\"admin\" \/>\n\t<meta name=\"twitter:label2\" content=\"Tiempo de lectura\" \/>\n\t<meta name=\"twitter:data2\" content=\"3 minutos\" \/>\n<script type=\"application\/ld+json\" class=\"yoast-schema-graph\">{\"@context\":\"https:\/\/schema.org\",\"@graph\":[{\"@type\":\"Article\",\"@id\":\"https:\/\/isabellaseijo.com\/index.php\/2022\/06\/04\/news-las-espinelas-rojas-que-fueron-pulidas-por-los-espiritus\/#article\",\"isPartOf\":{\"@id\":\"https:\/\/isabellaseijo.com\/index.php\/2022\/06\/04\/news-las-espinelas-rojas-que-fueron-pulidas-por-los-espiritus\/\"},\"author\":{\"name\":\"admin\",\"@id\":\"https:\/\/isabellaseijo.com\/#\/schema\/person\/31af458941044aec9e55330b2413b0b8\"},\"headline\":\"#News: Las Espinelas rojas que fueron pulidas por los esp\u00edritus.\",\"datePublished\":\"2022-06-04T23:32:20+00:00\",\"dateModified\":\"2022-06-04T23:34:14+00:00\",\"mainEntityOfPage\":{\"@id\":\"https:\/\/isabellaseijo.com\/index.php\/2022\/06\/04\/news-las-espinelas-rojas-que-fueron-pulidas-por-los-espiritus\/\"},\"wordCount\":588,\"image\":{\"@id\":\"https:\/\/isabellaseijo.com\/index.php\/2022\/06\/04\/news-las-espinelas-rojas-que-fueron-pulidas-por-los-espiritus\/#primaryimage\"},\"thumbnailUrl\":\"https:\/\/isabellaseijo.com\/wp-content\/uploads\/2022\/06\/218219725_539643314130514_3213875215467699018_n.jpg\",\"articleSection\":[\"Blog\"],\"inLanguage\":\"es\"},{\"@type\":\"WebPage\",\"@id\":\"https:\/\/isabellaseijo.com\/index.php\/2022\/06\/04\/news-las-espinelas-rojas-que-fueron-pulidas-por-los-espiritus\/\",\"url\":\"https:\/\/isabellaseijo.com\/index.php\/2022\/06\/04\/news-las-espinelas-rojas-que-fueron-pulidas-por-los-espiritus\/\",\"name\":\"#News: Las Espinelas rojas que fueron pulidas por los esp\u00edritus. -\",\"isPartOf\":{\"@id\":\"https:\/\/isabellaseijo.com\/#website\"},\"primaryImageOfPage\":{\"@id\":\"https:\/\/isabellaseijo.com\/index.php\/2022\/06\/04\/news-las-espinelas-rojas-que-fueron-pulidas-por-los-espiritus\/#primaryimage\"},\"image\":{\"@id\":\"https:\/\/isabellaseijo.com\/index.php\/2022\/06\/04\/news-las-espinelas-rojas-que-fueron-pulidas-por-los-espiritus\/#primaryimage\"},\"thumbnailUrl\":\"https:\/\/isabellaseijo.com\/wp-content\/uploads\/2022\/06\/218219725_539643314130514_3213875215467699018_n.jpg\",\"datePublished\":\"2022-06-04T23:32:20+00:00\",\"dateModified\":\"2022-06-04T23:34:14+00:00\",\"author\":{\"@id\":\"https:\/\/isabellaseijo.com\/#\/schema\/person\/31af458941044aec9e55330b2413b0b8\"},\"breadcrumb\":{\"@id\":\"https:\/\/isabellaseijo.com\/index.php\/2022\/06\/04\/news-las-espinelas-rojas-que-fueron-pulidas-por-los-espiritus\/#breadcrumb\"},\"inLanguage\":\"es\",\"potentialAction\":[{\"@type\":\"ReadAction\",\"target\":[\"https:\/\/isabellaseijo.com\/index.php\/2022\/06\/04\/news-las-espinelas-rojas-que-fueron-pulidas-por-los-espiritus\/\"]}]},{\"@type\":\"ImageObject\",\"inLanguage\":\"es\",\"@id\":\"https:\/\/isabellaseijo.com\/index.php\/2022\/06\/04\/news-las-espinelas-rojas-que-fueron-pulidas-por-los-espiritus\/#primaryimage\",\"url\":\"https:\/\/isabellaseijo.com\/wp-content\/uploads\/2022\/06\/218219725_539643314130514_3213875215467699018_n.jpg\",\"contentUrl\":\"https:\/\/isabellaseijo.com\/wp-content\/uploads\/2022\/06\/218219725_539643314130514_3213875215467699018_n.jpg\",\"width\":520,\"height\":600},{\"@type\":\"BreadcrumbList\",\"@id\":\"https:\/\/isabellaseijo.com\/index.php\/2022\/06\/04\/news-las-espinelas-rojas-que-fueron-pulidas-por-los-espiritus\/#breadcrumb\",\"itemListElement\":[{\"@type\":\"ListItem\",\"position\":1,\"name\":\"Portada\",\"item\":\"https:\/\/isabellaseijo.com\/\"},{\"@type\":\"ListItem\",\"position\":2,\"name\":\"#News: Las Espinelas rojas que fueron pulidas por los esp\u00edritus.\"}]},{\"@type\":\"WebSite\",\"@id\":\"https:\/\/isabellaseijo.com\/#website\",\"url\":\"https:\/\/isabellaseijo.com\/\",\"name\":\"\",\"description\":\"\",\"potentialAction\":[{\"@type\":\"SearchAction\",\"target\":{\"@type\":\"EntryPoint\",\"urlTemplate\":\"https:\/\/isabellaseijo.com\/?s={search_term_string}\"},\"query-input\":{\"@type\":\"PropertyValueSpecification\",\"valueRequired\":true,\"valueName\":\"search_term_string\"}}],\"inLanguage\":\"es\"},{\"@type\":\"Person\",\"@id\":\"https:\/\/isabellaseijo.com\/#\/schema\/person\/31af458941044aec9e55330b2413b0b8\",\"name\":\"admin\",\"sameAs\":[\"https:\/\/isabellaseijo.com\"],\"url\":\"https:\/\/isabellaseijo.com\/index.php\/author\/admin\/\"}]}<\/script>\n<!-- \/ Yoast SEO plugin. -->","yoast_head_json":{"title":"#News: Las Espinelas rojas que fueron pulidas por los esp\u00edritus. -","robots":{"index":"index","follow":"follow","max-snippet":"max-snippet:-1","max-image-preview":"max-image-preview:large","max-video-preview":"max-video-preview:-1"},"canonical":"https:\/\/isabellaseijo.com\/index.php\/2022\/06\/04\/news-las-espinelas-rojas-que-fueron-pulidas-por-los-espiritus\/","og_locale":"es_ES","og_type":"article","og_title":"#News: Las Espinelas rojas que fueron pulidas por los esp\u00edritus. -","og_description":"La Espinela proviene de la palabra latina spinella, que significa espina en referencia a sus cristales puntiagudos ya que su sistema cristalino es c\u00fabico. Su h\u00e1bito c\u00fabico u octa\u00e9drico tambi\u00e9n est\u00e1 asociado con el origen del nombre del mineral, del lat\u00edn spina. Algunas espinelas muestran unos octaedros tan perfectos, que en Birmania se dice que [&hellip;]","og_url":"https:\/\/isabellaseijo.com\/index.php\/2022\/06\/04\/news-las-espinelas-rojas-que-fueron-pulidas-por-los-espiritus\/","article_published_time":"2022-06-04T23:32:20+00:00","article_modified_time":"2022-06-04T23:34:14+00:00","og_image":[{"width":520,"height":600,"url":"https:\/\/isabellaseijo.com\/wp-content\/uploads\/2022\/06\/218219725_539643314130514_3213875215467699018_n.jpg","type":"image\/jpeg"}],"author":"admin","twitter_card":"summary_large_image","twitter_misc":{"Escrito por":"admin","Tiempo de lectura":"3 minutos"},"schema":{"@context":"https:\/\/schema.org","@graph":[{"@type":"Article","@id":"https:\/\/isabellaseijo.com\/index.php\/2022\/06\/04\/news-las-espinelas-rojas-que-fueron-pulidas-por-los-espiritus\/#article","isPartOf":{"@id":"https:\/\/isabellaseijo.com\/index.php\/2022\/06\/04\/news-las-espinelas-rojas-que-fueron-pulidas-por-los-espiritus\/"},"author":{"name":"admin","@id":"https:\/\/isabellaseijo.com\/#\/schema\/person\/31af458941044aec9e55330b2413b0b8"},"headline":"#News: Las Espinelas rojas que fueron pulidas por los esp\u00edritus.","datePublished":"2022-06-04T23:32:20+00:00","dateModified":"2022-06-04T23:34:14+00:00","mainEntityOfPage":{"@id":"https:\/\/isabellaseijo.com\/index.php\/2022\/06\/04\/news-las-espinelas-rojas-que-fueron-pulidas-por-los-espiritus\/"},"wordCount":588,"image":{"@id":"https:\/\/isabellaseijo.com\/index.php\/2022\/06\/04\/news-las-espinelas-rojas-que-fueron-pulidas-por-los-espiritus\/#primaryimage"},"thumbnailUrl":"https:\/\/isabellaseijo.com\/wp-content\/uploads\/2022\/06\/218219725_539643314130514_3213875215467699018_n.jpg","articleSection":["Blog"],"inLanguage":"es"},{"@type":"WebPage","@id":"https:\/\/isabellaseijo.com\/index.php\/2022\/06\/04\/news-las-espinelas-rojas-que-fueron-pulidas-por-los-espiritus\/","url":"https:\/\/isabellaseijo.com\/index.php\/2022\/06\/04\/news-las-espinelas-rojas-que-fueron-pulidas-por-los-espiritus\/","name":"#News: Las Espinelas rojas que fueron pulidas por los esp\u00edritus. -","isPartOf":{"@id":"https:\/\/isabellaseijo.com\/#website"},"primaryImageOfPage":{"@id":"https:\/\/isabellaseijo.com\/index.php\/2022\/06\/04\/news-las-espinelas-rojas-que-fueron-pulidas-por-los-espiritus\/#primaryimage"},"image":{"@id":"https:\/\/isabellaseijo.com\/index.php\/2022\/06\/04\/news-las-espinelas-rojas-que-fueron-pulidas-por-los-espiritus\/#primaryimage"},"thumbnailUrl":"https:\/\/isabellaseijo.com\/wp-content\/uploads\/2022\/06\/218219725_539643314130514_3213875215467699018_n.jpg","datePublished":"2022-06-04T23:32:20+00:00","dateModified":"2022-06-04T23:34:14+00:00","author":{"@id":"https:\/\/isabellaseijo.com\/#\/schema\/person\/31af458941044aec9e55330b2413b0b8"},"breadcrumb":{"@id":"https:\/\/isabellaseijo.com\/index.php\/2022\/06\/04\/news-las-espinelas-rojas-que-fueron-pulidas-por-los-espiritus\/#breadcrumb"},"inLanguage":"es","potentialAction":[{"@type":"ReadAction","target":["https:\/\/isabellaseijo.com\/index.php\/2022\/06\/04\/news-las-espinelas-rojas-que-fueron-pulidas-por-los-espiritus\/"]}]},{"@type":"ImageObject","inLanguage":"es","@id":"https:\/\/isabellaseijo.com\/index.php\/2022\/06\/04\/news-las-espinelas-rojas-que-fueron-pulidas-por-los-espiritus\/#primaryimage","url":"https:\/\/isabellaseijo.com\/wp-content\/uploads\/2022\/06\/218219725_539643314130514_3213875215467699018_n.jpg","contentUrl":"https:\/\/isabellaseijo.com\/wp-content\/uploads\/2022\/06\/218219725_539643314130514_3213875215467699018_n.jpg","width":520,"height":600},{"@type":"BreadcrumbList","@id":"https:\/\/isabellaseijo.com\/index.php\/2022\/06\/04\/news-las-espinelas-rojas-que-fueron-pulidas-por-los-espiritus\/#breadcrumb","itemListElement":[{"@type":"ListItem","position":1,"name":"Portada","item":"https:\/\/isabellaseijo.com\/"},{"@type":"ListItem","position":2,"name":"#News: Las Espinelas rojas que fueron pulidas por los esp\u00edritus."}]},{"@type":"WebSite","@id":"https:\/\/isabellaseijo.com\/#website","url":"https:\/\/isabellaseijo.com\/","name":"","description":"","potentialAction":[{"@type":"SearchAction","target":{"@type":"EntryPoint","urlTemplate":"https:\/\/isabellaseijo.com\/?s={search_term_string}"},"query-input":{"@type":"PropertyValueSpecification","valueRequired":true,"valueName":"search_term_string"}}],"inLanguage":"es"},{"@type":"Person","@id":"https:\/\/isabellaseijo.com\/#\/schema\/person\/31af458941044aec9e55330b2413b0b8","name":"admin","sameAs":["https:\/\/isabellaseijo.com"],"url":"https:\/\/isabellaseijo.com\/index.php\/author\/admin\/"}]}},"_links":{"self":[{"href":"https:\/\/isabellaseijo.com\/index.php\/wp-json\/wp\/v2\/posts\/3227","targetHints":{"allow":["GET"]}}],"collection":[{"href":"https:\/\/isabellaseijo.com\/index.php\/wp-json\/wp\/v2\/posts"}],"about":[{"href":"https:\/\/isabellaseijo.com\/index.php\/wp-json\/wp\/v2\/types\/post"}],"author":[{"embeddable":true,"href":"https:\/\/isabellaseijo.com\/index.php\/wp-json\/wp\/v2\/users\/1"}],"replies":[{"embeddable":true,"href":"https:\/\/isabellaseijo.com\/index.php\/wp-json\/wp\/v2\/comments?post=3227"}],"version-history":[{"count":4,"href":"https:\/\/isabellaseijo.com\/index.php\/wp-json\/wp\/v2\/posts\/3227\/revisions"}],"predecessor-version":[{"id":3235,"href":"https:\/\/isabellaseijo.com\/index.php\/wp-json\/wp\/v2\/posts\/3227\/revisions\/3235"}],"wp:featuredmedia":[{"embeddable":true,"href":"https:\/\/isabellaseijo.com\/index.php\/wp-json\/wp\/v2\/media\/3230"}],"wp:attachment":[{"href":"https:\/\/isabellaseijo.com\/index.php\/wp-json\/wp\/v2\/media?parent=3227"}],"wp:term":[{"taxonomy":"category","embeddable":true,"href":"https:\/\/isabellaseijo.com\/index.php\/wp-json\/wp\/v2\/categories?post=3227"},{"taxonomy":"post_tag","embeddable":true,"href":"https:\/\/isabellaseijo.com\/index.php\/wp-json\/wp\/v2\/tags?post=3227"}],"curies":[{"name":"wp","href":"https:\/\/api.w.org\/{rel}","templated":true}]}}